{"id":7792,"date":"2018-07-04T19:50:49","date_gmt":"2018-07-04T19:50:49","guid":{"rendered":"http:\/\/www.latorre.cat\/?p=7792\/"},"modified":"2018-07-04T19:50:49","modified_gmt":"2018-07-04T17:50:49","slug":"chante-pres-de-toi","status":"publish","type":"post","link":"https:\/\/www.latorre.cat\/fr\/evenements\/chante-pres-de-toi\/","title":{"rendered":"Chant\u00e9 pr\u00e8s de toi"},"content":{"rendered":"<p><div class=\"fusion-fullwidth fullwidth-box fusion-builder-row-1 nonhundred-percent-fullwidth non-hundred-percent-height-scrolling\" style=\"--awb-border-radius-top-left:0px;--awb-border-radius-top-right:0px;--awb-border-radius-bottom-right:0px;--awb-border-radius-bottom-left:0px;--awb-margin-top:35px;--awb-margin-bottom:0px;--awb-flex-wrap:wrap;\" ><div class=\"fusion-builder-row fusion-row\"><div class=\"fusion-layout-column fusion_builder_column fusion-builder-column-0 fusion_builder_column_1_1 1_1 fusion-one-full fusion-column-first fusion-column-last\" style=\"--awb-bg-size:cover;\"><div class=\"fusion-column-wrapper fusion-flex-column-wrapper-legacy\"><div class=\"fusion-title title fusion-title-1 fusion-sep-none fusion-title-text fusion-title-size-one\" style=\"--awb-sep-color:#81d742;\"><h1 class=\"fusion-title-heading title-heading-left fusion-responsive-typography-calculated\" style=\"margin:0;--fontSize:70;line-height:1.07;\">\u00c9v\u00e9nements<\/h1><\/div><div class=\"fusion-sep-clear\"><\/div><div class=\"fusion-separator fusion-full-width-sep\" style=\"margin-left: auto;margin-right: auto;margin-top:5px;margin-bottom:15px;width:100%;\"><div class=\"fusion-separator-border sep-single sep-solid\" style=\"--awb-height:20px;--awb-amount:20px;border-color:#d7e6ef;border-top-width:1px;\"><\/div><\/div><div class=\"fusion-sep-clear\"><\/div><div class=\"fusion-text fusion-text-1\"><p style=\"font-size: 1px; height: 1px !important;\">\u00b7<\/p>\n<\/div><div class=\"fusion-menu-anchor\" id=\"inici\"><\/div><div class=\"fusion-clearfix\"><\/div><\/div><\/div><\/div><\/div><div class=\"fusion-fullwidth fullwidth-box fusion-builder-row-2 nonhundred-percent-fullwidth non-hundred-percent-height-scrolling\" style=\"--awb-background-position:left top;--awb-border-radius-top-left:0px;--awb-border-radius-top-right:0px;--awb-border-radius-bottom-right:0px;--awb-border-radius-bottom-left:0px;--awb-flex-wrap:wrap;\" ><div class=\"fusion-builder-row fusion-row\"><div class=\"fusion-layout-column fusion_builder_column fusion-builder-column-1 fusion_builder_column_3_4 3_4 fusion-three-fourth fusion-column-first\" style=\"--awb-padding-right:15px;--awb-padding-bottom:10px;--awb-padding-left:15px;--awb-bg-size:cover;width:74%; margin-right: 4%;\"><div class=\"fusion-column-wrapper fusion-flex-column-wrapper-legacy\"><div class=\"fusion-title title fusion-title-2 fusion-sep-none fusion-title-text fusion-title-size-two\"><h2 class=\"fusion-title-heading title-heading-left fusion-responsive-typography-calculated\" style=\"margin:0;--fontSize:38;line-height:1.2;\">Chant\u00e9 pr\u00e8s de toi<\/h2><\/div><div class=\"fusion-text fusion-text-2\"><p style=\"font-size: 1px; height: 1px !important;\">\u00b7<\/p>\n<\/div><div class=\"fusion-text fusion-text-3\"><p><em>Le samedi 7 juillet, \u00e0 la fin du R\u00e9cital de Habaneras de Calella, nous avons continu\u00e9 \u00e0 chanter \u00e0 l&rsquo;H\u00f4tel La Torre. Tu veux venir?<\/em><\/p>\n<p><em>\u00c0 partir de 00h30. environ, dans les jardins de l&rsquo;H\u00f4tel La Torre. Entr\u00e9e gratuite, ouverte au public.<\/em><\/p>\n<\/div><div class=\"fusion-image-element fusion-image-align-center in-legacy-container\" style=\"text-align:center;--awb-caption-title-font-family:var(--h2_typography-font-family);--awb-caption-title-font-weight:var(--h2_typography-font-weight);--awb-caption-title-font-style:var(--h2_typography-font-style);--awb-caption-title-size:var(--h2_typography-font-size);--awb-caption-title-transform:var(--h2_typography-text-transform);--awb-caption-title-line-height:var(--h2_typography-line-height);--awb-caption-title-letter-spacing:var(--h2_typography-letter-spacing);\"><div class=\"imageframe-align-center\"><span class=\" fusion-imageframe imageframe-dropshadow imageframe-1 hover-type-none imatge-blog\" style=\"-webkit-box-shadow: 3px 3px 7px rgba(0,0,0,0.3);box-shadow: 3px 3px 7px rgba(0,0,0,0.3);\"><a href=\"http:\/\/www.latorre.cat\/WP\/1584473878172\/wp-content\/uploads\/IMG_20170702_021457.jpg\" class=\"fusion-lightbox\" data-rel=\"iLightbox[imatge]\"><img decoding=\"async\" src=\"data:image\/gif;base64,R0lGODlhAQABAAAAACH5BAEKAAEALAAAAAABAAEAAAICTAEAOw==\" data-orig-src=\"http:\/\/www.latorre.cat\/WP\/1584473878172\/wp-content\/uploads\/IMG_20170702_021457.jpg\" alt class=\"lazyload img-responsive\"\/><\/a><\/span><\/div><\/div><div class=\"fusion-clearfix\"><\/div><\/div><\/div><div class=\"fusion-layout-column fusion_builder_column fusion-builder-column-2 fusion_builder_column_1_4 1_4 fusion-one-fourth fusion-column-last\" style=\"--awb-padding-top:17px;--awb-padding-left:20px;--awb-bg-size:cover;width:22%;\"><div class=\"fusion-column-wrapper fusion-flex-column-wrapper-legacy\"><div class=\"fusion-widget-area awb-widget-area-element fusion-widget-area-1 fusion-content-widget-area\" style=\"--awb-title-size:23px;--awb-title-color:#333333;--awb-padding:0px 0px 0px 0px;\">\n\t\t<section id=\"recent-posts-2\" class=\"widget widget_recent_entries\" style=\"border-style: solid;border-color:transparent;border-width:0px;\">\n\t\t<div class=\"heading\"><h4 class=\"widget-title\">Articles r\u00e9cents<\/h4><\/div>\n\t\t<ul>\n\t\t\t\t\t\t\t\t\t\t\t<li>\n\t\t\t\t\t<a href=\"https:\/\/www.latorre.cat\/fr\/evenements\/chante-pres-de-toi\/\">Chant\u00e9 pr\u00e8s de toi<\/a>\n\t\t\t\t\t\t\t\t\t<\/li>\n\t\t\t\t\t\t\t\t\t\t\t<li>\n\t\t\t\t\t<a href=\"https:\/\/www.latorre.cat\/fr\/evenements\/concerts-d-habaneras-de-calella\/\">Concerts d\u2019Habaneras de Calella<\/a>\n\t\t\t\t\t\t\t\t\t<\/li>\n\t\t\t\t\t\t\t\t\t\t\t<li>\n\t\t\t\t\t<a href=\"https:\/\/www.latorre.cat\/fr\/evenements\/sardanes-a-cote-de-la-mer\/\">Sardanes \u00e0 c\u00f4t\u00e9 de la mer<\/a>\n\t\t\t\t\t\t\t\t\t<\/li>\n\t\t\t\t\t\t\t\t\t\t\t<li>\n\t\t\t\t\t<a href=\"https:\/\/www.latorre.cat\/fr\/evenements\/festival-international-de-musique-de-cap-roig\/\">Festival International de Musique de Cap Roig<\/a>\n\t\t\t\t\t\t\t\t\t<\/li>\n\t\t\t\t\t\t\t\t\t\t\t<li>\n\t\t\t\t\t<a href=\"https:\/\/www.latorre.cat\/fr\/evenements\/atelier-de-sardanes\/\">Atelier de Sardanes<\/a>\n\t\t\t\t\t\t\t\t\t<\/li>\n\t\t\t\t\t<\/ul>\n\n\t\t<\/section><div class=\"fusion-additional-widget-content\"><\/div><\/div><div class=\"fusion-clearfix\"><\/div><\/div><\/div><\/div><\/div><div class=\"fusion-fullwidth fullwidth-box fusion-builder-row-3 nonhundred-percent-fullwidth non-hundred-percent-height-scrolling\" style=\"--awb-border-radius-top-left:0px;--awb-border-radius-top-right:0px;--awb-border-radius-bottom-right:0px;--awb-border-radius-bottom-left:0px;--awb-flex-wrap:wrap;\" ><div class=\"fusion-builder-row fusion-row\"><div class=\"fusion-layout-column fusion_builder_column fusion-builder-column-3 fusion_builder_column_1_1 1_1 fusion-one-full fusion-column-first fusion-column-last fusion-column-no-min-height\" style=\"--awb-bg-size:cover;--awb-margin-bottom:0px;\"><div class=\"fusion-column-wrapper fusion-flex-column-wrapper-legacy\"><div class=\"fusion-sep-clear\"><\/div><div class=\"fusion-separator fusion-full-width-sep\" style=\"margin-left: auto;margin-right: auto;margin-top:20px;margin-bottom:5px;width:100%;\"><div class=\"fusion-separator-border sep-single sep-solid\" style=\"--awb-height:20px;--awb-amount:20px;border-color:#d7e6ef;border-top-width:1px;\"><\/div><\/div><div class=\"fusion-sep-clear\"><\/div><div class=\"fusion-widget-area awb-widget-area-element fusion-widget-area-2 fusion-content-widget-area\" style=\"--awb-title-size:23px;--awb-title-color:#333333;--awb-padding:5px;\"><div id=\"a2a_share_save_widget-2\" class=\"widget widget_a2a_share_save_widget\" style=\"border-style: solid;border-color:transparent;border-width:0px;\"><div class=\"a2a_kit a2a_kit_size_20 addtoany_list\"><a class=\"a2a_button_facebook_like addtoany_special_service\" data-layout=\"button\" data-href=\"https:\/\/www.latorre.cat\/fr\/wp-json\/wp\/v2\/posts\/7792\"><\/a><a class=\"a2a_button_twitter_tweet addtoany_special_service\" data-url=\"https:\/\/www.latorre.cat\/fr\/wp-json\/wp\/v2\/posts\/7792\" data-text=\"\"><\/a><a class=\"a2a_button_pinterest_pin addtoany_special_service\" data-pin-config=\"none\" data-url=\"https:\/\/www.latorre.cat\/fr\/wp-json\/wp\/v2\/posts\/7792\"><\/a><a class=\"a2a_button_facebook\" href=\"https:\/\/www.addtoany.com\/add_to\/facebook?linkurl=https%3A%2F%2Fwww.latorre.cat%2Ffr%2Fwp-json%2Fwp%2Fv2%2Fposts%2F7792&amp;linkname=\" title=\"Facebook\" rel=\"nofollow noopener\" target=\"_blank\"><\/a><a class=\"a2a_button_whatsapp\" href=\"https:\/\/www.addtoany.com\/add_to\/whatsapp?linkurl=https%3A%2F%2Fwww.latorre.cat%2Ffr%2Fwp-json%2Fwp%2Fv2%2Fposts%2F7792&amp;linkname=\" title=\"WhatsApp\" rel=\"nofollow noopener\" target=\"_blank\"><\/a><a class=\"a2a_button_email\" href=\"https:\/\/www.addtoany.com\/add_to\/email?linkurl=https%3A%2F%2Fwww.latorre.cat%2Ffr%2Fwp-json%2Fwp%2Fv2%2Fposts%2F7792&amp;linkname=\" title=\"Email\" rel=\"nofollow noopener\" target=\"_blank\"><\/a><a class=\"a2a_dd addtoany_share_save addtoany_share\" href=\"https:\/\/www.addtoany.com\/share\"><\/a><\/div><\/div><div class=\"fusion-additional-widget-content\"><\/div><\/div><div class=\"fusion-clearfix\"><\/div><\/div><\/div><\/div><\/div><\/p>\n","protected":false},"excerpt":{"rendered":"","protected":false},"author":1,"featured_media":0,"comment_status":"closed","ping_status":"closed","sticky":false,"template":"","format":"standard","meta":{"_seopress_robots_primary_cat":"","_seopress_titles_title":"","_seopress_titles_desc":"","_seopress_robots_index":"","footnotes":""},"categories":[12],"tags":[],"class_list":{"0":"post-7792","1":"post","2":"type-post","3":"status-publish","4":"format-standard","6":"category-evenements"},"_links":{"self":[{"href":"https:\/\/www.latorre.cat\/fr\/wp-json\/wp\/v2\/posts\/7792","targetHints":{"allow":["GET"]}}],"collection":[{"href":"https:\/\/www.latorre.cat\/fr\/wp-json\/wp\/v2\/posts"}],"about":[{"href":"https:\/\/www.latorre.cat\/fr\/wp-json\/wp\/v2\/types\/post"}],"author":[{"embeddable":true,"href":"https:\/\/www.latorre.cat\/fr\/wp-json\/wp\/v2\/users\/1"}],"replies":[{"embeddable":true,"href":"https:\/\/www.latorre.cat\/fr\/wp-json\/wp\/v2\/comments?post=7792"}],"version-history":[{"count":0,"href":"https:\/\/www.latorre.cat\/fr\/wp-json\/wp\/v2\/posts\/7792\/revisions"}],"wp:attachment":[{"href":"https:\/\/www.latorre.cat\/fr\/wp-json\/wp\/v2\/media?parent=7792"}],"wp:term":[{"taxonomy":"category","embeddable":true,"href":"https:\/\/www.latorre.cat\/fr\/wp-json\/wp\/v2\/categories?post=7792"},{"taxonomy":"post_tag","embeddable":true,"href":"https:\/\/www.latorre.cat\/fr\/wp-json\/wp\/v2\/tags?post=7792"}],"curies":[{"name":"wp","href":"https:\/\/api.w.org\/{rel}","templated":true}]}}